{"id":7904,"date":"2025-07-31T13:07:03","date_gmt":"2025-07-31T12:07:03","guid":{"rendered":"https:\/\/www.medicareonline.it\/?p=7904"},"modified":"2025-07-31T13:08:24","modified_gmt":"2025-07-31T12:08:24","slug":"e-troppo-piccolo-per-capire-ma-e-davvero-cosi","status":"publish","type":"post","link":"https:\/\/www.medicareonline.it\/en\/e-troppo-piccolo-per-capire-ma-e-davvero-cosi\/","title":{"rendered":"\u00c8 troppo piccolo per capire\u201d: ma \u00e8 davvero cos\u00ec?"},"content":{"rendered":"<p>\nQuando un bambino si ammala, tutta la famiglia entra in una nuova dimensione fatta di paure, fatiche, speranze e silenzi.<br \/>\nUna delle frasi pi\u00f9 comuni che i genitori pronunciano in questi momenti \u00e8:<br \/>\n<strong>\u201c\u00c8 troppo piccolo per capire.\u201d<\/strong><br \/>\nUna convinzione che nasce spesso dal desiderio di proteggere il bambino. Ma \u00e8 davvero la scelta migliore per il suo benessere?\n<\/p>\n<h2>Cosa succede quando evitiamo di parlare<\/h2>\n<p>\nUn bambino malato percepisce chiaramente i cambiamenti che lo circondano. Nota gli sguardi preoccupati, le visite mediche, le assenze da scuola, i volti familiari pi\u00f9 tesi.<br \/>\nAnche se non ha ancora le parole per esprimersi, il bambino sente che qualcosa non va.<br \/>\nQuando non riceve spiegazioni chiare, pu\u00f2 riempire quel vuoto con la fantasia. Questo pu\u00f2 portarlo a:\n<\/p>\n<ul>\n<li>pensare che la malattia sia colpa sua<\/li>\n<li>immaginare scenari peggiori della realt\u00e0<\/li>\n<li>perdere fiducia negli adulti che si prendono cura di lui<\/li>\n<\/ul>\n<p>\nIl rischio maggiore \u00e8 che impari a tenere dentro le emozioni e le domande, credendo che non sia possibile parlarne.\n<\/p>\n<h2>Le conseguenze emotive e relazionali<\/h2>\n<p>\nEvitare di dire la verit\u00e0 pu\u00f2 compromettere il rapporto di fiducia tra il bambino e l\u2019adulto.<br \/>\nIl bambino ha bisogno di sapere che le persone che si prendono cura di lui sono presenti, sincere e capaci di accogliere anche le emozioni pi\u00f9 difficili.<br \/>\nQuando questo non succede, il bambino pu\u00f2:\n<\/p>\n<ul>\n<li>sviluppare una visione confusa e ansiogena della realt\u00e0<\/li>\n<li>sentirsi solo proprio quando avrebbe pi\u00f9 bisogno di vicinanza<\/li>\n<li>credere che le emozioni vadano nascoste per non disturbare<\/li>\n<\/ul>\n<p>\nCon il tempo, questi vissuti possono portare a reazioni di chiusura come la negazione, il ritiro emotivo, il bisogno di controllo o la difficolt\u00e0 ad aprirsi affettivamente.\n<\/p>\n<h2>E l\u2019adulto? Anche il genitore ha bisogno di aiuto<\/h2>\n<p>\nSpesso \u00e8 l\u2019adulto a non sentirsi pronto.<br \/>\nPaura, senso di impotenza, stanchezza emotiva e difficolt\u00e0 nel trovare le parole possono portare a evitare il confronto.<br \/>\nMa evitare il dialogo, se non viene riconosciuto e affrontato, rischia di diventare un ostacolo per il benessere del bambino.\n<\/p>\n<h2>Cosa fare invece<\/h2>\n<p>\nParlare con un bambino della malattia non significa raccontare tutto nei dettagli medici.<br \/>\nSignifica comunicare in modo autentico e adatto alla sua et\u00e0.<br \/>\nEcco alcune indicazioni utili:\n<\/p>\n<ul>\n<li>usa parole semplici e comprensibili per l\u2019et\u00e0 del bambino<\/li>\n<li>accogli le sue domande, anche se non conosci tutte le risposte<\/li>\n<li>riconosci e dai valore alle sue emozioni, che siano paura, rabbia o confusione<\/li>\n<li>crea uno spazio sicuro dove il bambino possa esprimersi anche attraverso il disegno, il gioco o un abbraccio<\/li>\n<li>chiedi supporto se senti di non farcela da solo<\/li>\n<\/ul>\n<h2>Il ruolo dei professionisti della salute<\/h2>\n<p>\nPsicologi, operatori sanitari e personale specializzato nelle cure domiciliari possono aiutare genitori e bambini a trovare un linguaggio comune.<br \/>\n<strong>La verit\u00e0, quando \u00e8 detta con delicatezza e amore, non fa pi\u00f9 male della realt\u00e0.<\/strong><br \/>\nAl contrario, pu\u00f2 rafforzare il senso di fiducia e sicurezza nel bambino.\n<\/p>\n<p>\n<strong>Non si \u00e8 mai troppo piccoli per sentire.<br \/>\nE non si \u00e8 mai troppo fragili per meritare la verit\u00e0.<\/strong><br \/>\nAccompagnare un bambino nella malattia \u00e8 un percorso fatto di piccoli gesti, parole scelte con attenzione e silenzi che parlano di vicinanza.<br \/>\nSe senti di aver bisogno di aiuto, chiedere sostegno \u00e8 un segno di forza.<br \/>\n<strong>Noi di Medicare siamo qui per accompagnarti.<\/strong><\/p>\n","protected":false},"excerpt":{"rendered":"<p>Quando un bambino si ammala, tutta la famiglia entra in una nuova dimensione fatta di paure, fatiche, speranze e silenzi. Una delle frasi pi\u00f9 comuni che i genitori pronunciano in questi momenti \u00e8: \u201c\u00c8 troppo piccolo per capire.\u201d Una convinzione che nasce spesso dal desiderio di proteggere il bambino. Ma \u00e8 davvero la scelta migliore&hellip;<\/p>\n","protected":false},"author":1,"featured_media":7906,"comment_status":"open","ping_status":"open","sticky":false,"template":"","format":"standard","meta":{"_acf_changed":false,"footnotes":""},"categories":[1,11],"tags":[],"class_list":["post-7904","post","type-post","status-publish","format-standard","has-post-thumbnail","hentry","category-notizie","category-salute","entry","has-media"],"acf":[],"yoast_head":"<!-- This site is optimized with the Yoast SEO plugin v27.5 - https:\/\/yoast.com\/product\/yoast-seo-wordpress\/ -->\n<title>\u00c8 troppo piccolo per capire\u201d: ma \u00e8 davvero cos\u00ec? - Medi Care<\/title>\n<meta name=\"robots\" content=\"index, follow, max-snippet:-1, max-image-preview:large, max-video-preview:-1\" \/>\n<link rel=\"canonical\" href=\"https:\/\/www.medicareonline.it\/en\/e-troppo-piccolo-per-capire-ma-e-davvero-cosi\/\" \/>\n<meta property=\"og:locale\" content=\"en_US\" \/>\n<meta property=\"og:type\" content=\"article\" \/>\n<meta property=\"og:title\" content=\"\u00c8 troppo piccolo per capire\u201d: ma \u00e8 davvero cos\u00ec? - Medi Care\" \/>\n<meta property=\"og:description\" content=\"Quando un bambino si ammala, tutta la famiglia entra in una nuova dimensione fatta di paure, fatiche, speranze e silenzi. Una delle frasi pi\u00f9 comuni che i genitori pronunciano in questi momenti \u00e8: \u201c\u00c8 troppo piccolo per capire.\u201d Una convinzione che nasce spesso dal desiderio di proteggere il bambino. Ma \u00e8 davvero la scelta migliore&hellip;\" \/>\n<meta property=\"og:url\" content=\"https:\/\/www.medicareonline.it\/en\/e-troppo-piccolo-per-capire-ma-e-davvero-cosi\/\" \/>\n<meta property=\"og:site_name\" content=\"Medi Care\" \/>\n<meta property=\"article:publisher\" content=\"https:\/\/www.facebook.com\/Medi-Care-378781446196214\" \/>\n<meta property=\"article:published_time\" content=\"2025-07-31T12:07:03+00:00\" \/>\n<meta property=\"article:modified_time\" content=\"2025-07-31T12:08:24+00:00\" \/>\n<meta property=\"og:image\" content=\"https:\/\/www.medicareonline.it\/site\/wp-content\/uploads\/2025\/07\/I-bambini-e-la-malattia.png\" \/>\n\t<meta property=\"og:image:width\" content=\"1920\" \/>\n\t<meta property=\"og:image:height\" content=\"1212\" \/>\n\t<meta property=\"og:image:type\" content=\"image\/png\" \/>\n<meta name=\"author\" content=\"studio121\" \/>\n<meta name=\"twitter:card\" content=\"summary_large_image\" \/>\n<meta name=\"twitter:label1\" content=\"Written by\" \/>\n\t<meta name=\"twitter:data1\" content=\"studio121\" \/>\n\t<meta name=\"twitter:label2\" content=\"Est. reading time\" \/>\n\t<meta name=\"twitter:data2\" content=\"3 minutes\" \/>\n<script type=\"application\/ld+json\" class=\"yoast-schema-graph\">{\"@context\":\"https:\\\/\\\/schema.org\",\"@graph\":[{\"@type\":\"Article\",\"@id\":\"https:\\\/\\\/www.medicareonline.it\\\/en\\\/e-troppo-piccolo-per-capire-ma-e-davvero-cosi\\\/#article\",\"isPartOf\":{\"@id\":\"https:\\\/\\\/www.medicareonline.it\\\/en\\\/e-troppo-piccolo-per-capire-ma-e-davvero-cosi\\\/\"},\"author\":{\"name\":\"studio121\",\"@id\":\"https:\\\/\\\/www.medicareonline.it\\\/en\\\/#\\\/schema\\\/person\\\/95f936c5983b9116bdd7e162f77d5b09\"},\"headline\":\"\u00c8 troppo piccolo per capire\u201d: ma \u00e8 davvero cos\u00ec?\",\"datePublished\":\"2025-07-31T12:07:03+00:00\",\"dateModified\":\"2025-07-31T12:08:24+00:00\",\"mainEntityOfPage\":{\"@id\":\"https:\\\/\\\/www.medicareonline.it\\\/en\\\/e-troppo-piccolo-per-capire-ma-e-davvero-cosi\\\/\"},\"wordCount\":532,\"commentCount\":0,\"publisher\":{\"@id\":\"https:\\\/\\\/www.medicareonline.it\\\/en\\\/#organization\"},\"image\":{\"@id\":\"https:\\\/\\\/www.medicareonline.it\\\/en\\\/e-troppo-piccolo-per-capire-ma-e-davvero-cosi\\\/#primaryimage\"},\"thumbnailUrl\":\"https:\\\/\\\/www.medicareonline.it\\\/site\\\/wp-content\\\/uploads\\\/2025\\\/07\\\/I-bambini-e-la-malattia.png\",\"articleSection\":[\"notizie\",\"salute\"],\"inLanguage\":\"en-US\",\"potentialAction\":[{\"@type\":\"CommentAction\",\"name\":\"Comment\",\"target\":[\"https:\\\/\\\/www.medicareonline.it\\\/en\\\/e-troppo-piccolo-per-capire-ma-e-davvero-cosi\\\/#respond\"]}]},{\"@type\":\"WebPage\",\"@id\":\"https:\\\/\\\/www.medicareonline.it\\\/en\\\/e-troppo-piccolo-per-capire-ma-e-davvero-cosi\\\/\",\"url\":\"https:\\\/\\\/www.medicareonline.it\\\/en\\\/e-troppo-piccolo-per-capire-ma-e-davvero-cosi\\\/\",\"name\":\"\u00c8 troppo piccolo per capire\u201d: ma \u00e8 davvero cos\u00ec? - Medi Care\",\"isPartOf\":{\"@id\":\"https:\\\/\\\/www.medicareonline.it\\\/en\\\/#website\"},\"primaryImageOfPage\":{\"@id\":\"https:\\\/\\\/www.medicareonline.it\\\/en\\\/e-troppo-piccolo-per-capire-ma-e-davvero-cosi\\\/#primaryimage\"},\"image\":{\"@id\":\"https:\\\/\\\/www.medicareonline.it\\\/en\\\/e-troppo-piccolo-per-capire-ma-e-davvero-cosi\\\/#primaryimage\"},\"thumbnailUrl\":\"https:\\\/\\\/www.medicareonline.it\\\/site\\\/wp-content\\\/uploads\\\/2025\\\/07\\\/I-bambini-e-la-malattia.png\",\"datePublished\":\"2025-07-31T12:07:03+00:00\",\"dateModified\":\"2025-07-31T12:08:24+00:00\",\"breadcrumb\":{\"@id\":\"https:\\\/\\\/www.medicareonline.it\\\/en\\\/e-troppo-piccolo-per-capire-ma-e-davvero-cosi\\\/#breadcrumb\"},\"inLanguage\":\"en-US\",\"potentialAction\":[{\"@type\":\"ReadAction\",\"target\":[\"https:\\\/\\\/www.medicareonline.it\\\/en\\\/e-troppo-piccolo-per-capire-ma-e-davvero-cosi\\\/\"]}]},{\"@type\":\"ImageObject\",\"inLanguage\":\"en-US\",\"@id\":\"https:\\\/\\\/www.medicareonline.it\\\/en\\\/e-troppo-piccolo-per-capire-ma-e-davvero-cosi\\\/#primaryimage\",\"url\":\"https:\\\/\\\/www.medicareonline.it\\\/site\\\/wp-content\\\/uploads\\\/2025\\\/07\\\/I-bambini-e-la-malattia.png\",\"contentUrl\":\"https:\\\/\\\/www.medicareonline.it\\\/site\\\/wp-content\\\/uploads\\\/2025\\\/07\\\/I-bambini-e-la-malattia.png\",\"width\":1920,\"height\":1212},{\"@type\":\"BreadcrumbList\",\"@id\":\"https:\\\/\\\/www.medicareonline.it\\\/en\\\/e-troppo-piccolo-per-capire-ma-e-davvero-cosi\\\/#breadcrumb\",\"itemListElement\":[{\"@type\":\"ListItem\",\"position\":1,\"name\":\"Home\",\"item\":\"https:\\\/\\\/www.medicareonline.it\\\/en\\\/\"},{\"@type\":\"ListItem\",\"position\":2,\"name\":\"\u00c8 troppo piccolo per capire\u201d: ma \u00e8 davvero cos\u00ec?\"}]},{\"@type\":\"WebSite\",\"@id\":\"https:\\\/\\\/www.medicareonline.it\\\/en\\\/#website\",\"url\":\"https:\\\/\\\/www.medicareonline.it\\\/en\\\/\",\"name\":\"Medi Care\",\"description\":\"Servizi Socio Sanitari\",\"publisher\":{\"@id\":\"https:\\\/\\\/www.medicareonline.it\\\/en\\\/#organization\"},\"potentialAction\":[{\"@type\":\"SearchAction\",\"target\":{\"@type\":\"EntryPoint\",\"urlTemplate\":\"https:\\\/\\\/www.medicareonline.it\\\/en\\\/?s={search_term_string}\"},\"query-input\":{\"@type\":\"PropertyValueSpecification\",\"valueRequired\":true,\"valueName\":\"search_term_string\"}}],\"inLanguage\":\"en-US\"},{\"@type\":\"Organization\",\"@id\":\"https:\\\/\\\/www.medicareonline.it\\\/en\\\/#organization\",\"name\":\"Medi Care - Servizi Socio Sanitari\",\"url\":\"https:\\\/\\\/www.medicareonline.it\\\/en\\\/\",\"logo\":{\"@type\":\"ImageObject\",\"inLanguage\":\"en-US\",\"@id\":\"https:\\\/\\\/www.medicareonline.it\\\/en\\\/#\\\/schema\\\/logo\\\/image\\\/\",\"url\":\"https:\\\/\\\/www.medicareonline.it\\\/site\\\/wp-content\\\/uploads\\\/2022\\\/01\\\/logo-medicare-colori.svg\",\"contentUrl\":\"https:\\\/\\\/www.medicareonline.it\\\/site\\\/wp-content\\\/uploads\\\/2022\\\/01\\\/logo-medicare-colori.svg\",\"width\":847,\"height\":187,\"caption\":\"Medi Care - Servizi Socio Sanitari\"},\"image\":{\"@id\":\"https:\\\/\\\/www.medicareonline.it\\\/en\\\/#\\\/schema\\\/logo\\\/image\\\/\"},\"sameAs\":[\"https:\\\/\\\/www.facebook.com\\\/Medi-Care-378781446196214\",\"https:\\\/\\\/www.linkedin.com\\\/company\\\/78351752\\\/admin\\\/\",\"https:\\\/\\\/www.instagram.com\\\/medicare_ragusa\\\/\"]},{\"@type\":\"Person\",\"@id\":\"https:\\\/\\\/www.medicareonline.it\\\/en\\\/#\\\/schema\\\/person\\\/95f936c5983b9116bdd7e162f77d5b09\",\"name\":\"studio121\",\"image\":{\"@type\":\"ImageObject\",\"inLanguage\":\"en-US\",\"@id\":\"https:\\\/\\\/secure.gravatar.com\\\/avatar\\\/c87eaecb717d80e8976f7238c4e9a504a6ac44beb55a13714aaa124b6a04da8b?s=96&d=mm&r=g\",\"url\":\"https:\\\/\\\/secure.gravatar.com\\\/avatar\\\/c87eaecb717d80e8976f7238c4e9a504a6ac44beb55a13714aaa124b6a04da8b?s=96&d=mm&r=g\",\"contentUrl\":\"https:\\\/\\\/secure.gravatar.com\\\/avatar\\\/c87eaecb717d80e8976f7238c4e9a504a6ac44beb55a13714aaa124b6a04da8b?s=96&d=mm&r=g\",\"caption\":\"studio121\"},\"sameAs\":[\"https:\\\/\\\/www.medicareonline.it\\\/site\"]}]}<\/script>\n<!-- \/ Yoast SEO plugin. -->","yoast_head_json":{"title":"\u00c8 troppo piccolo per capire\u201d: ma \u00e8 davvero cos\u00ec? - Medi Care","robots":{"index":"index","follow":"follow","max-snippet":"max-snippet:-1","max-image-preview":"max-image-preview:large","max-video-preview":"max-video-preview:-1"},"canonical":"https:\/\/www.medicareonline.it\/en\/e-troppo-piccolo-per-capire-ma-e-davvero-cosi\/","og_locale":"en_US","og_type":"article","og_title":"\u00c8 troppo piccolo per capire\u201d: ma \u00e8 davvero cos\u00ec? - Medi Care","og_description":"Quando un bambino si ammala, tutta la famiglia entra in una nuova dimensione fatta di paure, fatiche, speranze e silenzi. Una delle frasi pi\u00f9 comuni che i genitori pronunciano in questi momenti \u00e8: \u201c\u00c8 troppo piccolo per capire.\u201d Una convinzione che nasce spesso dal desiderio di proteggere il bambino. Ma \u00e8 davvero la scelta migliore&hellip;","og_url":"https:\/\/www.medicareonline.it\/en\/e-troppo-piccolo-per-capire-ma-e-davvero-cosi\/","og_site_name":"Medi Care","article_publisher":"https:\/\/www.facebook.com\/Medi-Care-378781446196214","article_published_time":"2025-07-31T12:07:03+00:00","article_modified_time":"2025-07-31T12:08:24+00:00","og_image":[{"width":1920,"height":1212,"url":"https:\/\/www.medicareonline.it\/site\/wp-content\/uploads\/2025\/07\/I-bambini-e-la-malattia.png","type":"image\/png"}],"author":"studio121","twitter_card":"summary_large_image","twitter_misc":{"Written by":"studio121","Est. reading time":"3 minutes"},"schema":{"@context":"https:\/\/schema.org","@graph":[{"@type":"Article","@id":"https:\/\/www.medicareonline.it\/en\/e-troppo-piccolo-per-capire-ma-e-davvero-cosi\/#article","isPartOf":{"@id":"https:\/\/www.medicareonline.it\/en\/e-troppo-piccolo-per-capire-ma-e-davvero-cosi\/"},"author":{"name":"studio121","@id":"https:\/\/www.medicareonline.it\/en\/#\/schema\/person\/95f936c5983b9116bdd7e162f77d5b09"},"headline":"\u00c8 troppo piccolo per capire\u201d: ma \u00e8 davvero cos\u00ec?","datePublished":"2025-07-31T12:07:03+00:00","dateModified":"2025-07-31T12:08:24+00:00","mainEntityOfPage":{"@id":"https:\/\/www.medicareonline.it\/en\/e-troppo-piccolo-per-capire-ma-e-davvero-cosi\/"},"wordCount":532,"commentCount":0,"publisher":{"@id":"https:\/\/www.medicareonline.it\/en\/#organization"},"image":{"@id":"https:\/\/www.medicareonline.it\/en\/e-troppo-piccolo-per-capire-ma-e-davvero-cosi\/#primaryimage"},"thumbnailUrl":"https:\/\/www.medicareonline.it\/site\/wp-content\/uploads\/2025\/07\/I-bambini-e-la-malattia.png","articleSection":["notizie","salute"],"inLanguage":"en-US","potentialAction":[{"@type":"CommentAction","name":"Comment","target":["https:\/\/www.medicareonline.it\/en\/e-troppo-piccolo-per-capire-ma-e-davvero-cosi\/#respond"]}]},{"@type":"WebPage","@id":"https:\/\/www.medicareonline.it\/en\/e-troppo-piccolo-per-capire-ma-e-davvero-cosi\/","url":"https:\/\/www.medicareonline.it\/en\/e-troppo-piccolo-per-capire-ma-e-davvero-cosi\/","name":"\u00c8 troppo piccolo per capire\u201d: ma \u00e8 davvero cos\u00ec? - Medi Care","isPartOf":{"@id":"https:\/\/www.medicareonline.it\/en\/#website"},"primaryImageOfPage":{"@id":"https:\/\/www.medicareonline.it\/en\/e-troppo-piccolo-per-capire-ma-e-davvero-cosi\/#primaryimage"},"image":{"@id":"https:\/\/www.medicareonline.it\/en\/e-troppo-piccolo-per-capire-ma-e-davvero-cosi\/#primaryimage"},"thumbnailUrl":"https:\/\/www.medicareonline.it\/site\/wp-content\/uploads\/2025\/07\/I-bambini-e-la-malattia.png","datePublished":"2025-07-31T12:07:03+00:00","dateModified":"2025-07-31T12:08:24+00:00","breadcrumb":{"@id":"https:\/\/www.medicareonline.it\/en\/e-troppo-piccolo-per-capire-ma-e-davvero-cosi\/#breadcrumb"},"inLanguage":"en-US","potentialAction":[{"@type":"ReadAction","target":["https:\/\/www.medicareonline.it\/en\/e-troppo-piccolo-per-capire-ma-e-davvero-cosi\/"]}]},{"@type":"ImageObject","inLanguage":"en-US","@id":"https:\/\/www.medicareonline.it\/en\/e-troppo-piccolo-per-capire-ma-e-davvero-cosi\/#primaryimage","url":"https:\/\/www.medicareonline.it\/site\/wp-content\/uploads\/2025\/07\/I-bambini-e-la-malattia.png","contentUrl":"https:\/\/www.medicareonline.it\/site\/wp-content\/uploads\/2025\/07\/I-bambini-e-la-malattia.png","width":1920,"height":1212},{"@type":"BreadcrumbList","@id":"https:\/\/www.medicareonline.it\/en\/e-troppo-piccolo-per-capire-ma-e-davvero-cosi\/#breadcrumb","itemListElement":[{"@type":"ListItem","position":1,"name":"Home","item":"https:\/\/www.medicareonline.it\/en\/"},{"@type":"ListItem","position":2,"name":"\u00c8 troppo piccolo per capire\u201d: ma \u00e8 davvero cos\u00ec?"}]},{"@type":"WebSite","@id":"https:\/\/www.medicareonline.it\/en\/#website","url":"https:\/\/www.medicareonline.it\/en\/","name":"Medi Care","description":"Servizi Socio Sanitari","publisher":{"@id":"https:\/\/www.medicareonline.it\/en\/#organization"},"potentialAction":[{"@type":"SearchAction","target":{"@type":"EntryPoint","urlTemplate":"https:\/\/www.medicareonline.it\/en\/?s={search_term_string}"},"query-input":{"@type":"PropertyValueSpecification","valueRequired":true,"valueName":"search_term_string"}}],"inLanguage":"en-US"},{"@type":"Organization","@id":"https:\/\/www.medicareonline.it\/en\/#organization","name":"Medi Care - Servizi Socio Sanitari","url":"https:\/\/www.medicareonline.it\/en\/","logo":{"@type":"ImageObject","inLanguage":"en-US","@id":"https:\/\/www.medicareonline.it\/en\/#\/schema\/logo\/image\/","url":"https:\/\/www.medicareonline.it\/site\/wp-content\/uploads\/2022\/01\/logo-medicare-colori.svg","contentUrl":"https:\/\/www.medicareonline.it\/site\/wp-content\/uploads\/2022\/01\/logo-medicare-colori.svg","width":847,"height":187,"caption":"Medi Care - Servizi Socio Sanitari"},"image":{"@id":"https:\/\/www.medicareonline.it\/en\/#\/schema\/logo\/image\/"},"sameAs":["https:\/\/www.facebook.com\/Medi-Care-378781446196214","https:\/\/www.linkedin.com\/company\/78351752\/admin\/","https:\/\/www.instagram.com\/medicare_ragusa\/"]},{"@type":"Person","@id":"https:\/\/www.medicareonline.it\/en\/#\/schema\/person\/95f936c5983b9116bdd7e162f77d5b09","name":"studio121","image":{"@type":"ImageObject","inLanguage":"en-US","@id":"https:\/\/secure.gravatar.com\/avatar\/c87eaecb717d80e8976f7238c4e9a504a6ac44beb55a13714aaa124b6a04da8b?s=96&d=mm&r=g","url":"https:\/\/secure.gravatar.com\/avatar\/c87eaecb717d80e8976f7238c4e9a504a6ac44beb55a13714aaa124b6a04da8b?s=96&d=mm&r=g","contentUrl":"https:\/\/secure.gravatar.com\/avatar\/c87eaecb717d80e8976f7238c4e9a504a6ac44beb55a13714aaa124b6a04da8b?s=96&d=mm&r=g","caption":"studio121"},"sameAs":["https:\/\/www.medicareonline.it\/site"]}]}},"_links":{"self":[{"href":"https:\/\/www.medicareonline.it\/en\/wp-json\/wp\/v2\/posts\/7904","targetHints":{"allow":["GET"]}}],"collection":[{"href":"https:\/\/www.medicareonline.it\/en\/wp-json\/wp\/v2\/posts"}],"about":[{"href":"https:\/\/www.medicareonline.it\/en\/wp-json\/wp\/v2\/types\/post"}],"author":[{"embeddable":true,"href":"https:\/\/www.medicareonline.it\/en\/wp-json\/wp\/v2\/users\/1"}],"replies":[{"embeddable":true,"href":"https:\/\/www.medicareonline.it\/en\/wp-json\/wp\/v2\/comments?post=7904"}],"version-history":[{"count":1,"href":"https:\/\/www.medicareonline.it\/en\/wp-json\/wp\/v2\/posts\/7904\/revisions"}],"predecessor-version":[{"id":7905,"href":"https:\/\/www.medicareonline.it\/en\/wp-json\/wp\/v2\/posts\/7904\/revisions\/7905"}],"wp:featuredmedia":[{"embeddable":true,"href":"https:\/\/www.medicareonline.it\/en\/wp-json\/wp\/v2\/media\/7906"}],"wp:attachment":[{"href":"https:\/\/www.medicareonline.it\/en\/wp-json\/wp\/v2\/media?parent=7904"}],"wp:term":[{"taxonomy":"category","embeddable":true,"href":"https:\/\/www.medicareonline.it\/en\/wp-json\/wp\/v2\/categories?post=7904"},{"taxonomy":"post_tag","embeddable":true,"href":"https:\/\/www.medicareonline.it\/en\/wp-json\/wp\/v2\/tags?post=7904"}],"curies":[{"name":"wp","href":"https:\/\/api.w.org\/{rel}","templated":true}]}}