{"id":5612,"date":"2024-05-15T11:10:16","date_gmt":"2024-05-15T10:10:16","guid":{"rendered":"https:\/\/www.medicareonline.it\/?p=5612"},"modified":"2024-05-15T11:11:01","modified_gmt":"2024-05-15T10:11:01","slug":"affrontare-le-allergie-primaverili-consigli-pratici-per-vivere-al-meglio-la-stagione-dei-fiori","status":"publish","type":"post","link":"https:\/\/www.medicareonline.it\/en\/affrontare-le-allergie-primaverili-consigli-pratici-per-vivere-al-meglio-la-stagione-dei-fiori\/","title":{"rendered":"Affrontare le allergie primaverili: consigli pratici per vivere al meglio la stagione dei fiori"},"content":{"rendered":"<p><span style=\"font-weight: 400;\">La primavera porta con s\u00e9 il risveglio della natura: i fiori sbocciano, gli alberi si vestono di verde e l&#8217;aria profuma di freschezza. Tuttavia, per molte persone, questo incantevole periodo dell\u2019anno pu\u00f2 essere appesantito dalle allergie primaverili. In effetti, la stagione dei fiori porta con s\u00e9 una sfida per coloro che soffrono di allergie stagionali, come quelle al polline.<\/span><\/p>\n<p><b>Medi Care<\/b><span style=\"font-weight: 400;\">, da sempre dedita <\/span><span style=\"font-weight: 400;\">alla divulgazione di nozioni per il benessere dei cittadini e dei pazienti,<\/span> <span style=\"font-weight: 400;\">oggi vuole condividere con voi alcuni <\/span><b>consigli pratici per affrontare con serenit\u00e0 le allergie primaverili<\/b><span style=\"font-weight: 400;\">, senza rinunciare alla gioia che questa stagione porta con s\u00e9.<\/span><\/p>\n<h2><b>Conoscere il nemico: allergeni primaverili<\/b><\/h2>\n<p><span style=\"font-weight: 400;\">Le <\/span><b>allergie primaverili<\/b><span style=\"font-weight: 400;\"> sono spesso scatenate dal <\/span><b>polline<\/b><span style=\"font-weight: 400;\">, particelle microscopiche prodotte dalle piante per fecondare altre piante della stessa specie. Queste particelle leggere come il vento possono viaggiare per chilometri e provocare sintomi fastidiosi come <\/span><b>starnuti<\/b><span style=\"font-weight: 400;\">, <\/span><b>prurito agli occhi<\/b><span style=\"font-weight: 400;\">, <\/span><b>congestione nasale<\/b><span style=\"font-weight: 400;\"> e <\/span><b>tosse<\/b><span style=\"font-weight: 400;\">.<\/span><\/p>\n<p><span style=\"font-weight: 400;\">Oltre al polline, altri allergeni primaverili comuni includono <\/span><b>muffe<\/b><span style=\"font-weight: 400;\"> e <\/span><b>spore di funghi<\/b><span style=\"font-weight: 400;\"> che proliferano nelle giornate umide e piovose.<\/span><\/p>\n<h2><b>Cerca di ridurre l&#8217;esposizione agli allergeni<\/b><\/h2>\n<p><b>Limita le attivit\u00e0 all&#8217;aperto<\/b><span style=\"font-weight: 400;\">: riduci il tempo trascorso all&#8217;aperto durante le ore di punta, quando i livelli di polline sono pi\u00f9 alti (solitamente tra le 5:00 e le 10:00 del mattino).<\/span><\/p>\n<p><b>Utilizza filtri per l&#8217;aria:<\/b><span style=\"font-weight: 400;\"> in casa, considera l&#8217;utilizzo di purificatori d&#8217;aria con filtri HEPA che possono catturare le particelle di polline presenti nell&#8217;aria.<\/span><\/p>\n<p><b>Mantieni le finestre chiuse<\/b><span style=\"font-weight: 400;\">: anche se l&#8217;aria primaverile pu\u00f2 essere invitante, tenere le finestre chiuse durante i giorni di picco di polline pu\u00f2 aiutare a ridurre l&#8217;esposizione agli allergeni.<\/span><\/p>\n<p><b>Cambia i vestiti dopo essere stati all&#8217;aperto<\/b><span style=\"font-weight: 400;\">: una volta rientrati a casa, cambia i vestiti e fai una doccia per rimuovere eventuali residui di polline dai capelli e dalla pelle.<\/span><\/p>\n<p><b>Consulta i bollettini pollinici<\/b><span style=\"font-weight: 400;\">: mantenere d&#8217;occhio i bollettini pollinici locali ti permetter\u00e0 di pianificare le tue attivit\u00e0 all&#8217;aperto nei giorni in cui i livelli di polline sono pi\u00f9 bassi.<\/span><\/p>\n<h2><b>Migliora l&#8217;Igiene personale: piccoli gesti, grande beneficio<\/b><\/h2>\n<p><b>Utilizza mascherine<\/b><span style=\"font-weight: 400;\">: indossare una mascherina durante le attivit\u00e0 all&#8217;aperto pu\u00f2 aiutare a ridurre l&#8217;inalazione di polline e altri allergeni.<\/span><\/p>\n<p><b>Mantieni pulite le superfici domestiche<\/b><span style=\"font-weight: 400;\">: pulisci regolarmente le superfici della casa per rimuovere polvere, muffe e altri allergeni che possono accumularsi.<\/span><\/p>\n<p><b>Igienizza i filtri dell&#8217;aria e del condizionatore<\/b><span style=\"font-weight: 400;\">: assicurati di pulire o sostituire regolarmente i filtri dell&#8217;aria e del condizionatore per garantire che l&#8217;aria interna sia pulita e priva di allergeni.<\/span><\/p>\n<p><b>Gestire i sintomi in modo naturale: rimedi\u00a0 per il benessere<\/b><\/p>\n<p><b>Miele locale<\/b><span style=\"font-weight: 400;\">: consumare del miele locale pu\u00f2 aiutare ad alleviare i sintomi delle allergie, poich\u00e9 pu\u00f2 contenere piccole quantit\u00e0 di polline della zona, aiutando il sistema immunitario a sviluppare una tolleranza.<\/span><\/p>\n<p><b>Irrigazione nasale con soluzione salina<\/b><span style=\"font-weight: 400;\">: utilizzare una soluzione salina per lavare le narici pu\u00f2 aiutare a rimuovere il polline e alleviare la congestione nasale.<\/span><\/p>\n<p><b>Tisane e Infusi<\/b><span style=\"font-weight: 400;\">: alcune erbe, come la camomilla e la menta, possono avere propriet\u00e0 antinfiammatorie e lenitive che possono aiutare a ridurre i sintomi delle allergie.<\/span><\/p>\n<p><span style=\"font-weight: 400;\">Affrontare le allergie primaverili pu\u00f2 essere una sfida, ma con un po&#8217; di organizzazione e l&#8217;adozione di piccoli accorgimenti, \u00e8 possibile godere appieno dei piaceri che la primavera ha da offrire. <\/span><b>Ricorda sempre di consultare il tuo medico<\/b><span style=\"font-weight: 400;\"> per avere indicazioni terapeutiche pi\u00f9 consone al tuo stato di salute o prima di apportare qualsiasi cambiamento al tuo stile di vita. Con cura e attenzione, possiamo fare in modo che questa stagione fiorisca con tutto il suo splendore, senza compromettere il tuo benessere.<\/span><\/p>\n","protected":false},"excerpt":{"rendered":"<p>La primavera porta con s\u00e9 il risveglio della natura: i fiori sbocciano, gli alberi si vestono di verde e l&#8217;aria profuma di freschezza. Tuttavia, per molte persone, questo incantevole periodo dell\u2019anno pu\u00f2 essere appesantito dalle allergie primaverili. In effetti, la stagione dei fiori porta con s\u00e9 una sfida per coloro che soffrono di allergie stagionali,&hellip;<\/p>\n","protected":false},"author":1,"featured_media":5613,"comment_status":"open","ping_status":"open","sticky":false,"template":"","format":"standard","meta":{"_acf_changed":false,"footnotes":""},"categories":[1,11],"tags":[],"class_list":["post-5612","post","type-post","status-publish","format-standard","has-post-thumbnail","hentry","category-notizie","category-salute","entry","has-media"],"acf":[],"yoast_head":"<!-- This site is optimized with the Yoast SEO plugin v27.5 - https:\/\/yoast.com\/product\/yoast-seo-wordpress\/ -->\n<title>Affrontare le allergie primaverili: consigli pratici per vivere al meglio la stagione dei fiori - Medi Care<\/title>\n<meta name=\"robots\" content=\"index, follow, max-snippet:-1, max-image-preview:large, max-video-preview:-1\" \/>\n<link rel=\"canonical\" href=\"https:\/\/www.medicareonline.it\/en\/affrontare-le-allergie-primaverili-consigli-pratici-per-vivere-al-meglio-la-stagione-dei-fiori\/\" \/>\n<meta property=\"og:locale\" content=\"en_US\" \/>\n<meta property=\"og:type\" content=\"article\" \/>\n<meta property=\"og:title\" content=\"Affrontare le allergie primaverili: consigli pratici per vivere al meglio la stagione dei fiori - Medi Care\" \/>\n<meta property=\"og:description\" content=\"La primavera porta con s\u00e9 il risveglio della natura: i fiori sbocciano, gli alberi si vestono di verde e l&#8217;aria profuma di freschezza. Tuttavia, per molte persone, questo incantevole periodo dell\u2019anno pu\u00f2 essere appesantito dalle allergie primaverili. In effetti, la stagione dei fiori porta con s\u00e9 una sfida per coloro che soffrono di allergie stagionali,&hellip;\" \/>\n<meta property=\"og:url\" content=\"https:\/\/www.medicareonline.it\/en\/affrontare-le-allergie-primaverili-consigli-pratici-per-vivere-al-meglio-la-stagione-dei-fiori\/\" \/>\n<meta property=\"og:site_name\" content=\"Medi Care\" \/>\n<meta property=\"article:publisher\" content=\"https:\/\/www.facebook.com\/Medi-Care-378781446196214\" \/>\n<meta property=\"article:published_time\" content=\"2024-05-15T10:10:16+00:00\" \/>\n<meta property=\"article:modified_time\" content=\"2024-05-15T10:11:01+00:00\" \/>\n<meta property=\"og:image\" content=\"https:\/\/www.medicareonline.it\/site\/wp-content\/uploads\/2024\/05\/Affrontare-le-allergie-.png\" \/>\n\t<meta property=\"og:image:width\" content=\"1280\" \/>\n\t<meta property=\"og:image:height\" content=\"808\" \/>\n\t<meta property=\"og:image:type\" content=\"image\/png\" \/>\n<meta name=\"author\" content=\"studio121\" \/>\n<meta name=\"twitter:card\" content=\"summary_large_image\" \/>\n<meta name=\"twitter:label1\" content=\"Written by\" \/>\n\t<meta name=\"twitter:data1\" content=\"studio121\" \/>\n\t<meta name=\"twitter:label2\" content=\"Est. reading time\" \/>\n\t<meta name=\"twitter:data2\" content=\"3 minutes\" \/>\n<script type=\"application\/ld+json\" class=\"yoast-schema-graph\">{\"@context\":\"https:\\\/\\\/schema.org\",\"@graph\":[{\"@type\":\"Article\",\"@id\":\"https:\\\/\\\/www.medicareonline.it\\\/en\\\/affrontare-le-allergie-primaverili-consigli-pratici-per-vivere-al-meglio-la-stagione-dei-fiori\\\/#article\",\"isPartOf\":{\"@id\":\"https:\\\/\\\/www.medicareonline.it\\\/en\\\/affrontare-le-allergie-primaverili-consigli-pratici-per-vivere-al-meglio-la-stagione-dei-fiori\\\/\"},\"author\":{\"name\":\"studio121\",\"@id\":\"https:\\\/\\\/www.medicareonline.it\\\/en\\\/#\\\/schema\\\/person\\\/95f936c5983b9116bdd7e162f77d5b09\"},\"headline\":\"Affrontare le allergie primaverili: consigli pratici per vivere al meglio la stagione dei fiori\",\"datePublished\":\"2024-05-15T10:10:16+00:00\",\"dateModified\":\"2024-05-15T10:11:01+00:00\",\"mainEntityOfPage\":{\"@id\":\"https:\\\/\\\/www.medicareonline.it\\\/en\\\/affrontare-le-allergie-primaverili-consigli-pratici-per-vivere-al-meglio-la-stagione-dei-fiori\\\/\"},\"wordCount\":579,\"commentCount\":0,\"publisher\":{\"@id\":\"https:\\\/\\\/www.medicareonline.it\\\/en\\\/#organization\"},\"image\":{\"@id\":\"https:\\\/\\\/www.medicareonline.it\\\/en\\\/affrontare-le-allergie-primaverili-consigli-pratici-per-vivere-al-meglio-la-stagione-dei-fiori\\\/#primaryimage\"},\"thumbnailUrl\":\"https:\\\/\\\/www.medicareonline.it\\\/site\\\/wp-content\\\/uploads\\\/2024\\\/05\\\/Affrontare-le-allergie-.png\",\"articleSection\":[\"notizie\",\"salute\"],\"inLanguage\":\"en-US\",\"potentialAction\":[{\"@type\":\"CommentAction\",\"name\":\"Comment\",\"target\":[\"https:\\\/\\\/www.medicareonline.it\\\/en\\\/affrontare-le-allergie-primaverili-consigli-pratici-per-vivere-al-meglio-la-stagione-dei-fiori\\\/#respond\"]}]},{\"@type\":\"WebPage\",\"@id\":\"https:\\\/\\\/www.medicareonline.it\\\/en\\\/affrontare-le-allergie-primaverili-consigli-pratici-per-vivere-al-meglio-la-stagione-dei-fiori\\\/\",\"url\":\"https:\\\/\\\/www.medicareonline.it\\\/en\\\/affrontare-le-allergie-primaverili-consigli-pratici-per-vivere-al-meglio-la-stagione-dei-fiori\\\/\",\"name\":\"Affrontare le allergie primaverili: consigli pratici per vivere al meglio la stagione dei fiori - Medi Care\",\"isPartOf\":{\"@id\":\"https:\\\/\\\/www.medicareonline.it\\\/en\\\/#website\"},\"primaryImageOfPage\":{\"@id\":\"https:\\\/\\\/www.medicareonline.it\\\/en\\\/affrontare-le-allergie-primaverili-consigli-pratici-per-vivere-al-meglio-la-stagione-dei-fiori\\\/#primaryimage\"},\"image\":{\"@id\":\"https:\\\/\\\/www.medicareonline.it\\\/en\\\/affrontare-le-allergie-primaverili-consigli-pratici-per-vivere-al-meglio-la-stagione-dei-fiori\\\/#primaryimage\"},\"thumbnailUrl\":\"https:\\\/\\\/www.medicareonline.it\\\/site\\\/wp-content\\\/uploads\\\/2024\\\/05\\\/Affrontare-le-allergie-.png\",\"datePublished\":\"2024-05-15T10:10:16+00:00\",\"dateModified\":\"2024-05-15T10:11:01+00:00\",\"breadcrumb\":{\"@id\":\"https:\\\/\\\/www.medicareonline.it\\\/en\\\/affrontare-le-allergie-primaverili-consigli-pratici-per-vivere-al-meglio-la-stagione-dei-fiori\\\/#breadcrumb\"},\"inLanguage\":\"en-US\",\"potentialAction\":[{\"@type\":\"ReadAction\",\"target\":[\"https:\\\/\\\/www.medicareonline.it\\\/en\\\/affrontare-le-allergie-primaverili-consigli-pratici-per-vivere-al-meglio-la-stagione-dei-fiori\\\/\"]}]},{\"@type\":\"ImageObject\",\"inLanguage\":\"en-US\",\"@id\":\"https:\\\/\\\/www.medicareonline.it\\\/en\\\/affrontare-le-allergie-primaverili-consigli-pratici-per-vivere-al-meglio-la-stagione-dei-fiori\\\/#primaryimage\",\"url\":\"https:\\\/\\\/www.medicareonline.it\\\/site\\\/wp-content\\\/uploads\\\/2024\\\/05\\\/Affrontare-le-allergie-.png\",\"contentUrl\":\"https:\\\/\\\/www.medicareonline.it\\\/site\\\/wp-content\\\/uploads\\\/2024\\\/05\\\/Affrontare-le-allergie-.png\",\"width\":1280,\"height\":808},{\"@type\":\"BreadcrumbList\",\"@id\":\"https:\\\/\\\/www.medicareonline.it\\\/en\\\/affrontare-le-allergie-primaverili-consigli-pratici-per-vivere-al-meglio-la-stagione-dei-fiori\\\/#breadcrumb\",\"itemListElement\":[{\"@type\":\"ListItem\",\"position\":1,\"name\":\"Home\",\"item\":\"https:\\\/\\\/www.medicareonline.it\\\/en\\\/\"},{\"@type\":\"ListItem\",\"position\":2,\"name\":\"Affrontare le allergie primaverili: consigli pratici per vivere al meglio la stagione dei fiori\"}]},{\"@type\":\"WebSite\",\"@id\":\"https:\\\/\\\/www.medicareonline.it\\\/en\\\/#website\",\"url\":\"https:\\\/\\\/www.medicareonline.it\\\/en\\\/\",\"name\":\"Medi Care\",\"description\":\"Servizi Socio Sanitari\",\"publisher\":{\"@id\":\"https:\\\/\\\/www.medicareonline.it\\\/en\\\/#organization\"},\"potentialAction\":[{\"@type\":\"SearchAction\",\"target\":{\"@type\":\"EntryPoint\",\"urlTemplate\":\"https:\\\/\\\/www.medicareonline.it\\\/en\\\/?s={search_term_string}\"},\"query-input\":{\"@type\":\"PropertyValueSpecification\",\"valueRequired\":true,\"valueName\":\"search_term_string\"}}],\"inLanguage\":\"en-US\"},{\"@type\":\"Organization\",\"@id\":\"https:\\\/\\\/www.medicareonline.it\\\/en\\\/#organization\",\"name\":\"Medi Care - Servizi Socio Sanitari\",\"url\":\"https:\\\/\\\/www.medicareonline.it\\\/en\\\/\",\"logo\":{\"@type\":\"ImageObject\",\"inLanguage\":\"en-US\",\"@id\":\"https:\\\/\\\/www.medicareonline.it\\\/en\\\/#\\\/schema\\\/logo\\\/image\\\/\",\"url\":\"https:\\\/\\\/www.medicareonline.it\\\/site\\\/wp-content\\\/uploads\\\/2022\\\/01\\\/logo-medicare-colori.svg\",\"contentUrl\":\"https:\\\/\\\/www.medicareonline.it\\\/site\\\/wp-content\\\/uploads\\\/2022\\\/01\\\/logo-medicare-colori.svg\",\"width\":847,\"height\":187,\"caption\":\"Medi Care - Servizi Socio Sanitari\"},\"image\":{\"@id\":\"https:\\\/\\\/www.medicareonline.it\\\/en\\\/#\\\/schema\\\/logo\\\/image\\\/\"},\"sameAs\":[\"https:\\\/\\\/www.facebook.com\\\/Medi-Care-378781446196214\",\"https:\\\/\\\/www.linkedin.com\\\/company\\\/78351752\\\/admin\\\/\",\"https:\\\/\\\/www.instagram.com\\\/medicare_ragusa\\\/\"]},{\"@type\":\"Person\",\"@id\":\"https:\\\/\\\/www.medicareonline.it\\\/en\\\/#\\\/schema\\\/person\\\/95f936c5983b9116bdd7e162f77d5b09\",\"name\":\"studio121\",\"image\":{\"@type\":\"ImageObject\",\"inLanguage\":\"en-US\",\"@id\":\"https:\\\/\\\/secure.gravatar.com\\\/avatar\\\/c87eaecb717d80e8976f7238c4e9a504a6ac44beb55a13714aaa124b6a04da8b?s=96&d=mm&r=g\",\"url\":\"https:\\\/\\\/secure.gravatar.com\\\/avatar\\\/c87eaecb717d80e8976f7238c4e9a504a6ac44beb55a13714aaa124b6a04da8b?s=96&d=mm&r=g\",\"contentUrl\":\"https:\\\/\\\/secure.gravatar.com\\\/avatar\\\/c87eaecb717d80e8976f7238c4e9a504a6ac44beb55a13714aaa124b6a04da8b?s=96&d=mm&r=g\",\"caption\":\"studio121\"},\"sameAs\":[\"https:\\\/\\\/www.medicareonline.it\\\/site\"]}]}<\/script>\n<!-- \/ Yoast SEO plugin. -->","yoast_head_json":{"title":"Affrontare le allergie primaverili: consigli pratici per vivere al meglio la stagione dei fiori - Medi Care","robots":{"index":"index","follow":"follow","max-snippet":"max-snippet:-1","max-image-preview":"max-image-preview:large","max-video-preview":"max-video-preview:-1"},"canonical":"https:\/\/www.medicareonline.it\/en\/affrontare-le-allergie-primaverili-consigli-pratici-per-vivere-al-meglio-la-stagione-dei-fiori\/","og_locale":"en_US","og_type":"article","og_title":"Affrontare le allergie primaverili: consigli pratici per vivere al meglio la stagione dei fiori - Medi Care","og_description":"La primavera porta con s\u00e9 il risveglio della natura: i fiori sbocciano, gli alberi si vestono di verde e l&#8217;aria profuma di freschezza. Tuttavia, per molte persone, questo incantevole periodo dell\u2019anno pu\u00f2 essere appesantito dalle allergie primaverili. In effetti, la stagione dei fiori porta con s\u00e9 una sfida per coloro che soffrono di allergie stagionali,&hellip;","og_url":"https:\/\/www.medicareonline.it\/en\/affrontare-le-allergie-primaverili-consigli-pratici-per-vivere-al-meglio-la-stagione-dei-fiori\/","og_site_name":"Medi Care","article_publisher":"https:\/\/www.facebook.com\/Medi-Care-378781446196214","article_published_time":"2024-05-15T10:10:16+00:00","article_modified_time":"2024-05-15T10:11:01+00:00","og_image":[{"width":1280,"height":808,"url":"https:\/\/www.medicareonline.it\/site\/wp-content\/uploads\/2024\/05\/Affrontare-le-allergie-.png","type":"image\/png"}],"author":"studio121","twitter_card":"summary_large_image","twitter_misc":{"Written by":"studio121","Est. reading time":"3 minutes"},"schema":{"@context":"https:\/\/schema.org","@graph":[{"@type":"Article","@id":"https:\/\/www.medicareonline.it\/en\/affrontare-le-allergie-primaverili-consigli-pratici-per-vivere-al-meglio-la-stagione-dei-fiori\/#article","isPartOf":{"@id":"https:\/\/www.medicareonline.it\/en\/affrontare-le-allergie-primaverili-consigli-pratici-per-vivere-al-meglio-la-stagione-dei-fiori\/"},"author":{"name":"studio121","@id":"https:\/\/www.medicareonline.it\/en\/#\/schema\/person\/95f936c5983b9116bdd7e162f77d5b09"},"headline":"Affrontare le allergie primaverili: consigli pratici per vivere al meglio la stagione dei fiori","datePublished":"2024-05-15T10:10:16+00:00","dateModified":"2024-05-15T10:11:01+00:00","mainEntityOfPage":{"@id":"https:\/\/www.medicareonline.it\/en\/affrontare-le-allergie-primaverili-consigli-pratici-per-vivere-al-meglio-la-stagione-dei-fiori\/"},"wordCount":579,"commentCount":0,"publisher":{"@id":"https:\/\/www.medicareonline.it\/en\/#organization"},"image":{"@id":"https:\/\/www.medicareonline.it\/en\/affrontare-le-allergie-primaverili-consigli-pratici-per-vivere-al-meglio-la-stagione-dei-fiori\/#primaryimage"},"thumbnailUrl":"https:\/\/www.medicareonline.it\/site\/wp-content\/uploads\/2024\/05\/Affrontare-le-allergie-.png","articleSection":["notizie","salute"],"inLanguage":"en-US","potentialAction":[{"@type":"CommentAction","name":"Comment","target":["https:\/\/www.medicareonline.it\/en\/affrontare-le-allergie-primaverili-consigli-pratici-per-vivere-al-meglio-la-stagione-dei-fiori\/#respond"]}]},{"@type":"WebPage","@id":"https:\/\/www.medicareonline.it\/en\/affrontare-le-allergie-primaverili-consigli-pratici-per-vivere-al-meglio-la-stagione-dei-fiori\/","url":"https:\/\/www.medicareonline.it\/en\/affrontare-le-allergie-primaverili-consigli-pratici-per-vivere-al-meglio-la-stagione-dei-fiori\/","name":"Affrontare le allergie primaverili: consigli pratici per vivere al meglio la stagione dei fiori - Medi Care","isPartOf":{"@id":"https:\/\/www.medicareonline.it\/en\/#website"},"primaryImageOfPage":{"@id":"https:\/\/www.medicareonline.it\/en\/affrontare-le-allergie-primaverili-consigli-pratici-per-vivere-al-meglio-la-stagione-dei-fiori\/#primaryimage"},"image":{"@id":"https:\/\/www.medicareonline.it\/en\/affrontare-le-allergie-primaverili-consigli-pratici-per-vivere-al-meglio-la-stagione-dei-fiori\/#primaryimage"},"thumbnailUrl":"https:\/\/www.medicareonline.it\/site\/wp-content\/uploads\/2024\/05\/Affrontare-le-allergie-.png","datePublished":"2024-05-15T10:10:16+00:00","dateModified":"2024-05-15T10:11:01+00:00","breadcrumb":{"@id":"https:\/\/www.medicareonline.it\/en\/affrontare-le-allergie-primaverili-consigli-pratici-per-vivere-al-meglio-la-stagione-dei-fiori\/#breadcrumb"},"inLanguage":"en-US","potentialAction":[{"@type":"ReadAction","target":["https:\/\/www.medicareonline.it\/en\/affrontare-le-allergie-primaverili-consigli-pratici-per-vivere-al-meglio-la-stagione-dei-fiori\/"]}]},{"@type":"ImageObject","inLanguage":"en-US","@id":"https:\/\/www.medicareonline.it\/en\/affrontare-le-allergie-primaverili-consigli-pratici-per-vivere-al-meglio-la-stagione-dei-fiori\/#primaryimage","url":"https:\/\/www.medicareonline.it\/site\/wp-content\/uploads\/2024\/05\/Affrontare-le-allergie-.png","contentUrl":"https:\/\/www.medicareonline.it\/site\/wp-content\/uploads\/2024\/05\/Affrontare-le-allergie-.png","width":1280,"height":808},{"@type":"BreadcrumbList","@id":"https:\/\/www.medicareonline.it\/en\/affrontare-le-allergie-primaverili-consigli-pratici-per-vivere-al-meglio-la-stagione-dei-fiori\/#breadcrumb","itemListElement":[{"@type":"ListItem","position":1,"name":"Home","item":"https:\/\/www.medicareonline.it\/en\/"},{"@type":"ListItem","position":2,"name":"Affrontare le allergie primaverili: consigli pratici per vivere al meglio la stagione dei fiori"}]},{"@type":"WebSite","@id":"https:\/\/www.medicareonline.it\/en\/#website","url":"https:\/\/www.medicareonline.it\/en\/","name":"Medi Care","description":"Servizi Socio Sanitari","publisher":{"@id":"https:\/\/www.medicareonline.it\/en\/#organization"},"potentialAction":[{"@type":"SearchAction","target":{"@type":"EntryPoint","urlTemplate":"https:\/\/www.medicareonline.it\/en\/?s={search_term_string}"},"query-input":{"@type":"PropertyValueSpecification","valueRequired":true,"valueName":"search_term_string"}}],"inLanguage":"en-US"},{"@type":"Organization","@id":"https:\/\/www.medicareonline.it\/en\/#organization","name":"Medi Care - Servizi Socio Sanitari","url":"https:\/\/www.medicareonline.it\/en\/","logo":{"@type":"ImageObject","inLanguage":"en-US","@id":"https:\/\/www.medicareonline.it\/en\/#\/schema\/logo\/image\/","url":"https:\/\/www.medicareonline.it\/site\/wp-content\/uploads\/2022\/01\/logo-medicare-colori.svg","contentUrl":"https:\/\/www.medicareonline.it\/site\/wp-content\/uploads\/2022\/01\/logo-medicare-colori.svg","width":847,"height":187,"caption":"Medi Care - Servizi Socio Sanitari"},"image":{"@id":"https:\/\/www.medicareonline.it\/en\/#\/schema\/logo\/image\/"},"sameAs":["https:\/\/www.facebook.com\/Medi-Care-378781446196214","https:\/\/www.linkedin.com\/company\/78351752\/admin\/","https:\/\/www.instagram.com\/medicare_ragusa\/"]},{"@type":"Person","@id":"https:\/\/www.medicareonline.it\/en\/#\/schema\/person\/95f936c5983b9116bdd7e162f77d5b09","name":"studio121","image":{"@type":"ImageObject","inLanguage":"en-US","@id":"https:\/\/secure.gravatar.com\/avatar\/c87eaecb717d80e8976f7238c4e9a504a6ac44beb55a13714aaa124b6a04da8b?s=96&d=mm&r=g","url":"https:\/\/secure.gravatar.com\/avatar\/c87eaecb717d80e8976f7238c4e9a504a6ac44beb55a13714aaa124b6a04da8b?s=96&d=mm&r=g","contentUrl":"https:\/\/secure.gravatar.com\/avatar\/c87eaecb717d80e8976f7238c4e9a504a6ac44beb55a13714aaa124b6a04da8b?s=96&d=mm&r=g","caption":"studio121"},"sameAs":["https:\/\/www.medicareonline.it\/site"]}]}},"_links":{"self":[{"href":"https:\/\/www.medicareonline.it\/en\/wp-json\/wp\/v2\/posts\/5612","targetHints":{"allow":["GET"]}}],"collection":[{"href":"https:\/\/www.medicareonline.it\/en\/wp-json\/wp\/v2\/posts"}],"about":[{"href":"https:\/\/www.medicareonline.it\/en\/wp-json\/wp\/v2\/types\/post"}],"author":[{"embeddable":true,"href":"https:\/\/www.medicareonline.it\/en\/wp-json\/wp\/v2\/users\/1"}],"replies":[{"embeddable":true,"href":"https:\/\/www.medicareonline.it\/en\/wp-json\/wp\/v2\/comments?post=5612"}],"version-history":[{"count":1,"href":"https:\/\/www.medicareonline.it\/en\/wp-json\/wp\/v2\/posts\/5612\/revisions"}],"predecessor-version":[{"id":5615,"href":"https:\/\/www.medicareonline.it\/en\/wp-json\/wp\/v2\/posts\/5612\/revisions\/5615"}],"wp:featuredmedia":[{"embeddable":true,"href":"https:\/\/www.medicareonline.it\/en\/wp-json\/wp\/v2\/media\/5613"}],"wp:attachment":[{"href":"https:\/\/www.medicareonline.it\/en\/wp-json\/wp\/v2\/media?parent=5612"}],"wp:term":[{"taxonomy":"category","embeddable":true,"href":"https:\/\/www.medicareonline.it\/en\/wp-json\/wp\/v2\/categories?post=5612"},{"taxonomy":"post_tag","embeddable":true,"href":"https:\/\/www.medicareonline.it\/en\/wp-json\/wp\/v2\/tags?post=5612"}],"curies":[{"name":"wp","href":"https:\/\/api.w.org\/{rel}","templated":true}]}}