{"id":2044,"date":"2022-09-28T10:35:50","date_gmt":"2022-09-28T08:35:50","guid":{"rendered":"https:\/\/www.medicareonline.it\/?p=2044"},"modified":"2022-09-28T10:37:29","modified_gmt":"2022-09-28T08:37:29","slug":"studendi-e-disabilita","status":"publish","type":"post","link":"https:\/\/www.medicareonline.it\/en\/studendi-e-disabilita\/","title":{"rendered":"Studenti e disabilit\u00e0: da limite a valore aggiunto per l\u2019intero sistema scolastico."},"content":{"rendered":"<p>Settembre \u00e8 il mese per antonomasia del <strong>rientro a scuola<\/strong>. Le famiglie si trovano a dover fare i conti con i libri, il corredo completo di zaini, grembiule e cancelleria per affrontare l\u2019anno scolastico al meglio.<\/p>\n<p>Ma ci sono anche <strong>famiglie \u201cspeciali\u201d<\/strong>, dove a questi \u201cpensieri\u201d vanno ad aggiungersi altre problematiche pi\u00f9 importanti: ovvero l\u2019ingresso a scuola di figli con disabilit\u00e0 fisica e\/o mentale.<\/p>\n<p>Come \u00e8 facile intuire, per questi studenti l\u2019inserimento pu\u00f2 rappresentare un passaggio pi\u00f9 difficoltoso rispetto al resto della classe.<\/p>\n<p>In Italia <strong>l\u2019inclusione scolastica per gli alunni con disabilit\u00e0<\/strong> ha percorso diversi step e conosciuto fasi differenti. A partire dalla legge quadro 104\/92, che fornisce le linee e le direttive in materia. Questa legge arriva dopo un lungo percorso di normative varie ed \u00e8 diventata il faro di riferimento in materia.<\/p>\n<p>La legge infatti nasce con l\u2019intento di <em>\u201cpromuovere il rispetto della persona disabile, dei suoi diritti di libert\u00e0 e di autonomia, attraverso la piena integrazione in famiglia, a scuola, nel lavoro e nella societ\u00e0\u201d<\/em>. Ma il punto chiave \u00e8 che <em>\u201c\u2026promuove l\u2019integrazione scolastica quale obiettivo di sviluppo delle potenzialit\u00e0 della persona.\u201d<\/em><\/p>\n<p>In fondo la <strong>scuola<\/strong> \u00e8 il luogo dove si gettano le basi della <strong>personalit\u00e0 di ogni futuro adulto<\/strong>, ed \u00e8 dunque fondamentale che il primo approccio, specie per le categorie di alunni con disabilit\u00e0, sia al massimo delle potenzialit\u00e0.<\/p>\n<p>Certamente moltissimo \u00e8 stato fatto per rimettere l\u2019inclusivit\u00e0 al centro degli <strong>obiettivi<\/strong> del <strong>sistema scolastico<\/strong>, dove fino a qualche decennio fa gli <strong>studenti disabili<\/strong> venivano \u201crelegati\u201d in scuole speciali e classi differenziali.<\/p>\n<p>Da tenere a mente sono le <em>\u201cLinee Guida per l\u2019integrazione scolastica degli alunni con disabilit\u00e0\u201d<\/em>, un documento normativo trasmesso dal Miur nel 2009 che segna una vera e propria linea di demarcazione nell\u2019evoluzione dell\u2019integrazione scolastica in Italia.<\/p>\n<p>In questo documento si tengono in conto, per la prima volta, diversi fattori determinanti: il contesto ambientale, che mette in relazione il luogo in cui lo studente disabile si trova e le relazioni umane, ma anche il ruolo del dirigente scolastico e del sistema amministrativo. Viene inoltre delineata la figura chiave dell\u2019<strong>insegnante di sostegno<\/strong>.<\/p>\n<p>Dopo aver analizzato quindi una serie di fattori \u00e8 possibile redigere il <strong>Piano Educativo Individualizzato (PEI)<\/strong>, un documento fatto a misura di studente che tiene conto di tutti i bisogni.<\/p>\n<p>\u00c8 chiaro che ad essere coinvolti nel PEI non possono essere soltanto gli insegnanti di sostegno ma anche il resto dei docenti della classe, le eventuali strutture esterne (come associazioni di assistenza) e soprattutto la famiglia.<\/p>\n<p>Ad oggi gli alunni con disabilit\u00e0 che frequentano le scuole sono in crescita rispetto al passato ma \u00e8 anche vero, purtroppo, che <strong>a molti non viene garantita una continuit\u00e0 didattica<\/strong>. E sono ancora in tanti che non riescono a partecipare alle gite con pernottamento per una serie di problemi tecnico\/logistici e di amministrazione.<\/p>\n<p>In questo scenario nazionale \u00e8 ancora <strong>invalidante<\/strong> il fatto di<strong> risiedere in una regione del mezzogiorno d\u2019Italia rispetto al nord<\/strong>: gli strumenti didattici messi a disposizione sono ancora insufficienti e ci sono pochi assistenti all\u2019autonomia.<\/p>\n<p>A questi problemi si aggiungono spesso <strong>barriere architettoniche<\/strong> ancora troppo presenti negli <strong>istituti scolastici<\/strong>, che impediscono materialmente l\u2019accesso degli studenti, e il poco sviluppo di tecnologie informatiche che potrebbero dare un sostegno maggiore alla didattica.<\/p>\n<p>\u00c8 facile intuire da questa breve analisi come il <strong>problema<\/strong> che ruota attorno agli <strong>alunni con disabilit\u00e0<\/strong> sia una matassa ingarbugliata formata da tanti fili (amministrazioni pubbliche, istituti scolastici e famiglie) che si intrecciano.<\/p>\n<p>Proprio per questo <strong>Medi Care<\/strong>, grazie all\u2019esperienza quotidiana con la disabilit\u00e0 maturata negli anni, ha strutturato e organizzato due servizi mirati al <strong>supporto delle famiglie con ragazzi portatori di handicap<\/strong> e in et\u00e0 scolastica.<\/p>\n<p>Si tratta del servizio di <strong>Assistenza agli Alunni con handicap<\/strong>, svolto da operatori specializzati durante gli orari di permanenza a scuola, e il servizio di <strong>sostegno educativo domiciliare<\/strong>.<\/p>\n<p>Il primo ha come scopo <strong>l\u2019inclusione e la socializzazione dell\u2019alunno nel contesto classe e scuola<\/strong>, nonch\u00e9 la sua autonomia e comunicazione personale, il miglioramento dell\u2019apprendimento e della vita di relazione al fine di scongiurare il rischio di emarginazione.<\/p>\n<p>Il secondo invece, pi\u00f9 in generale, \u00e8 rivolto non solo ai portatori di handicap ma anche a tutti i <strong>ragazzi<\/strong> che per vari motivi <strong>vivono in condizioni di difficolt\u00e0<\/strong>: riguarda infatti una serie di attivit\u00e0 rivolte ai minori e al loro nucleo familiare a rischio di disagio sociale.<\/p>\n<p>I servizi offerti da <strong>Medi Care<\/strong> sono solo una piccola goccia nel mare della legislazione e della burocrazia ma riescono a dare sollievo e sostegno reale a tante famiglie in difficolt\u00e0.<\/p>\n<p>Da tutto questo si capisce come <strong>l\u2019inclusione scolastica<\/strong> sia ancora un processo in fase di sviluppo, sia dal punto di vista normativo che da quello didattico.<\/p>\n<p>La <strong>\u201cdisabilit\u00e0\u201d<\/strong> di qualche alunno non deve essere vista come una limitazione ma come un valore aggiunto per l\u2019intera comunit\u00e0 di studenti e docenti.<\/p>\n","protected":false},"excerpt":{"rendered":"<p>Settembre \u00e8 il mese per antonomasia del rientro a scuola. Le famiglie si trovano a dover fare i conti con i libri, il corredo completo di zaini, grembiule e cancelleria per affrontare l\u2019anno scolastico al meglio. Ma ci sono anche famiglie \u201cspeciali\u201d, dove a questi \u201cpensieri\u201d vanno ad aggiungersi altre problematiche pi\u00f9 importanti: ovvero l\u2019ingresso&hellip;<\/p>\n","protected":false},"author":1,"featured_media":2040,"comment_status":"open","ping_status":"open","sticky":false,"template":"","format":"standard","meta":{"_acf_changed":false,"footnotes":""},"categories":[11],"tags":[],"class_list":["post-2044","post","type-post","status-publish","format-standard","has-post-thumbnail","hentry","category-salute","entry","has-media"],"acf":[],"yoast_head":"<!-- This site is optimized with the Yoast SEO plugin v27.4 - https:\/\/yoast.com\/product\/yoast-seo-wordpress\/ -->\n<title>Studenti e disabilit\u00e0: da limite a valore aggiunto per l\u2019intero sistema scolastico. - Medi Care<\/title>\n<meta name=\"robots\" content=\"index, follow, max-snippet:-1, max-image-preview:large, max-video-preview:-1\" \/>\n<link rel=\"canonical\" href=\"https:\/\/www.medicareonline.it\/en\/studendi-e-disabilita\/\" \/>\n<meta property=\"og:locale\" content=\"en_US\" \/>\n<meta property=\"og:type\" content=\"article\" \/>\n<meta property=\"og:title\" content=\"Studenti e disabilit\u00e0: da limite a valore aggiunto per l\u2019intero sistema scolastico. - Medi Care\" \/>\n<meta property=\"og:description\" content=\"Settembre \u00e8 il mese per antonomasia del rientro a scuola. Le famiglie si trovano a dover fare i conti con i libri, il corredo completo di zaini, grembiule e cancelleria per affrontare l\u2019anno scolastico al meglio. Ma ci sono anche famiglie \u201cspeciali\u201d, dove a questi \u201cpensieri\u201d vanno ad aggiungersi altre problematiche pi\u00f9 importanti: ovvero l\u2019ingresso&hellip;\" \/>\n<meta property=\"og:url\" content=\"https:\/\/www.medicareonline.it\/en\/studendi-e-disabilita\/\" \/>\n<meta property=\"og:site_name\" content=\"Medi Care\" \/>\n<meta property=\"article:publisher\" content=\"https:\/\/www.facebook.com\/Medi-Care-378781446196214\" \/>\n<meta property=\"article:published_time\" content=\"2022-09-28T08:35:50+00:00\" \/>\n<meta property=\"article:modified_time\" content=\"2022-09-28T08:37:29+00:00\" \/>\n<meta property=\"og:image\" content=\"https:\/\/www.medicareonline.it\/site\/wp-content\/uploads\/2022\/09\/studenti-e-disabilita.png\" \/>\n\t<meta property=\"og:image:width\" content=\"1980\" \/>\n\t<meta property=\"og:image:height\" content=\"1250\" \/>\n\t<meta property=\"og:image:type\" content=\"image\/png\" \/>\n<meta name=\"author\" content=\"studio121\" \/>\n<meta name=\"twitter:card\" content=\"summary_large_image\" \/>\n<meta name=\"twitter:label1\" content=\"Written by\" \/>\n\t<meta name=\"twitter:data1\" content=\"studio121\" \/>\n\t<meta name=\"twitter:label2\" content=\"Est. reading time\" \/>\n\t<meta name=\"twitter:data2\" content=\"4 minutes\" \/>\n<script type=\"application\/ld+json\" class=\"yoast-schema-graph\">{\"@context\":\"https:\\\/\\\/schema.org\",\"@graph\":[{\"@type\":\"Article\",\"@id\":\"https:\\\/\\\/www.medicareonline.it\\\/en\\\/studendi-e-disabilita\\\/#article\",\"isPartOf\":{\"@id\":\"https:\\\/\\\/www.medicareonline.it\\\/en\\\/studendi-e-disabilita\\\/\"},\"author\":{\"name\":\"studio121\",\"@id\":\"https:\\\/\\\/www.medicareonline.it\\\/en\\\/#\\\/schema\\\/person\\\/95f936c5983b9116bdd7e162f77d5b09\"},\"headline\":\"Studenti e disabilit\u00e0: da limite a valore aggiunto per l\u2019intero sistema scolastico.\",\"datePublished\":\"2022-09-28T08:35:50+00:00\",\"dateModified\":\"2022-09-28T08:37:29+00:00\",\"mainEntityOfPage\":{\"@id\":\"https:\\\/\\\/www.medicareonline.it\\\/en\\\/studendi-e-disabilita\\\/\"},\"wordCount\":819,\"commentCount\":0,\"publisher\":{\"@id\":\"https:\\\/\\\/www.medicareonline.it\\\/en\\\/#organization\"},\"image\":{\"@id\":\"https:\\\/\\\/www.medicareonline.it\\\/en\\\/studendi-e-disabilita\\\/#primaryimage\"},\"thumbnailUrl\":\"https:\\\/\\\/www.medicareonline.it\\\/site\\\/wp-content\\\/uploads\\\/2022\\\/09\\\/studenti-e-disabilita.png\",\"articleSection\":[\"salute\"],\"inLanguage\":\"en-US\",\"potentialAction\":[{\"@type\":\"CommentAction\",\"name\":\"Comment\",\"target\":[\"https:\\\/\\\/www.medicareonline.it\\\/en\\\/studendi-e-disabilita\\\/#respond\"]}]},{\"@type\":\"WebPage\",\"@id\":\"https:\\\/\\\/www.medicareonline.it\\\/en\\\/studendi-e-disabilita\\\/\",\"url\":\"https:\\\/\\\/www.medicareonline.it\\\/en\\\/studendi-e-disabilita\\\/\",\"name\":\"Studenti e disabilit\u00e0: da limite a valore aggiunto per l\u2019intero sistema scolastico. - Medi Care\",\"isPartOf\":{\"@id\":\"https:\\\/\\\/www.medicareonline.it\\\/en\\\/#website\"},\"primaryImageOfPage\":{\"@id\":\"https:\\\/\\\/www.medicareonline.it\\\/en\\\/studendi-e-disabilita\\\/#primaryimage\"},\"image\":{\"@id\":\"https:\\\/\\\/www.medicareonline.it\\\/en\\\/studendi-e-disabilita\\\/#primaryimage\"},\"thumbnailUrl\":\"https:\\\/\\\/www.medicareonline.it\\\/site\\\/wp-content\\\/uploads\\\/2022\\\/09\\\/studenti-e-disabilita.png\",\"datePublished\":\"2022-09-28T08:35:50+00:00\",\"dateModified\":\"2022-09-28T08:37:29+00:00\",\"breadcrumb\":{\"@id\":\"https:\\\/\\\/www.medicareonline.it\\\/en\\\/studendi-e-disabilita\\\/#breadcrumb\"},\"inLanguage\":\"en-US\",\"potentialAction\":[{\"@type\":\"ReadAction\",\"target\":[\"https:\\\/\\\/www.medicareonline.it\\\/en\\\/studendi-e-disabilita\\\/\"]}]},{\"@type\":\"ImageObject\",\"inLanguage\":\"en-US\",\"@id\":\"https:\\\/\\\/www.medicareonline.it\\\/en\\\/studendi-e-disabilita\\\/#primaryimage\",\"url\":\"https:\\\/\\\/www.medicareonline.it\\\/site\\\/wp-content\\\/uploads\\\/2022\\\/09\\\/studenti-e-disabilita.png\",\"contentUrl\":\"https:\\\/\\\/www.medicareonline.it\\\/site\\\/wp-content\\\/uploads\\\/2022\\\/09\\\/studenti-e-disabilita.png\",\"width\":1980,\"height\":1250},{\"@type\":\"BreadcrumbList\",\"@id\":\"https:\\\/\\\/www.medicareonline.it\\\/en\\\/studendi-e-disabilita\\\/#breadcrumb\",\"itemListElement\":[{\"@type\":\"ListItem\",\"position\":1,\"name\":\"Home\",\"item\":\"https:\\\/\\\/www.medicareonline.it\\\/en\\\/\"},{\"@type\":\"ListItem\",\"position\":2,\"name\":\"Studenti e disabilit\u00e0: da limite a valore aggiunto per l\u2019intero sistema scolastico.\"}]},{\"@type\":\"WebSite\",\"@id\":\"https:\\\/\\\/www.medicareonline.it\\\/en\\\/#website\",\"url\":\"https:\\\/\\\/www.medicareonline.it\\\/en\\\/\",\"name\":\"Medi Care\",\"description\":\"Servizi Socio Sanitari\",\"publisher\":{\"@id\":\"https:\\\/\\\/www.medicareonline.it\\\/en\\\/#organization\"},\"potentialAction\":[{\"@type\":\"SearchAction\",\"target\":{\"@type\":\"EntryPoint\",\"urlTemplate\":\"https:\\\/\\\/www.medicareonline.it\\\/en\\\/?s={search_term_string}\"},\"query-input\":{\"@type\":\"PropertyValueSpecification\",\"valueRequired\":true,\"valueName\":\"search_term_string\"}}],\"inLanguage\":\"en-US\"},{\"@type\":\"Organization\",\"@id\":\"https:\\\/\\\/www.medicareonline.it\\\/en\\\/#organization\",\"name\":\"Medi Care - Servizi Socio Sanitari\",\"url\":\"https:\\\/\\\/www.medicareonline.it\\\/en\\\/\",\"logo\":{\"@type\":\"ImageObject\",\"inLanguage\":\"en-US\",\"@id\":\"https:\\\/\\\/www.medicareonline.it\\\/en\\\/#\\\/schema\\\/logo\\\/image\\\/\",\"url\":\"https:\\\/\\\/www.medicareonline.it\\\/site\\\/wp-content\\\/uploads\\\/2022\\\/01\\\/logo-medicare-colori.svg\",\"contentUrl\":\"https:\\\/\\\/www.medicareonline.it\\\/site\\\/wp-content\\\/uploads\\\/2022\\\/01\\\/logo-medicare-colori.svg\",\"width\":847,\"height\":187,\"caption\":\"Medi Care - Servizi Socio Sanitari\"},\"image\":{\"@id\":\"https:\\\/\\\/www.medicareonline.it\\\/en\\\/#\\\/schema\\\/logo\\\/image\\\/\"},\"sameAs\":[\"https:\\\/\\\/www.facebook.com\\\/Medi-Care-378781446196214\",\"https:\\\/\\\/www.linkedin.com\\\/company\\\/78351752\\\/admin\\\/\",\"https:\\\/\\\/www.instagram.com\\\/medicare_ragusa\\\/\"]},{\"@type\":\"Person\",\"@id\":\"https:\\\/\\\/www.medicareonline.it\\\/en\\\/#\\\/schema\\\/person\\\/95f936c5983b9116bdd7e162f77d5b09\",\"name\":\"studio121\",\"image\":{\"@type\":\"ImageObject\",\"inLanguage\":\"en-US\",\"@id\":\"https:\\\/\\\/secure.gravatar.com\\\/avatar\\\/c87eaecb717d80e8976f7238c4e9a504a6ac44beb55a13714aaa124b6a04da8b?s=96&d=mm&r=g\",\"url\":\"https:\\\/\\\/secure.gravatar.com\\\/avatar\\\/c87eaecb717d80e8976f7238c4e9a504a6ac44beb55a13714aaa124b6a04da8b?s=96&d=mm&r=g\",\"contentUrl\":\"https:\\\/\\\/secure.gravatar.com\\\/avatar\\\/c87eaecb717d80e8976f7238c4e9a504a6ac44beb55a13714aaa124b6a04da8b?s=96&d=mm&r=g\",\"caption\":\"studio121\"},\"sameAs\":[\"https:\\\/\\\/www.medicareonline.it\\\/site\"]}]}<\/script>\n<!-- \/ Yoast SEO plugin. -->","yoast_head_json":{"title":"Studenti e disabilit\u00e0: da limite a valore aggiunto per l\u2019intero sistema scolastico. - Medi Care","robots":{"index":"index","follow":"follow","max-snippet":"max-snippet:-1","max-image-preview":"max-image-preview:large","max-video-preview":"max-video-preview:-1"},"canonical":"https:\/\/www.medicareonline.it\/en\/studendi-e-disabilita\/","og_locale":"en_US","og_type":"article","og_title":"Studenti e disabilit\u00e0: da limite a valore aggiunto per l\u2019intero sistema scolastico. - Medi Care","og_description":"Settembre \u00e8 il mese per antonomasia del rientro a scuola. Le famiglie si trovano a dover fare i conti con i libri, il corredo completo di zaini, grembiule e cancelleria per affrontare l\u2019anno scolastico al meglio. Ma ci sono anche famiglie \u201cspeciali\u201d, dove a questi \u201cpensieri\u201d vanno ad aggiungersi altre problematiche pi\u00f9 importanti: ovvero l\u2019ingresso&hellip;","og_url":"https:\/\/www.medicareonline.it\/en\/studendi-e-disabilita\/","og_site_name":"Medi Care","article_publisher":"https:\/\/www.facebook.com\/Medi-Care-378781446196214","article_published_time":"2022-09-28T08:35:50+00:00","article_modified_time":"2022-09-28T08:37:29+00:00","og_image":[{"width":1980,"height":1250,"url":"https:\/\/www.medicareonline.it\/site\/wp-content\/uploads\/2022\/09\/studenti-e-disabilita.png","type":"image\/png"}],"author":"studio121","twitter_card":"summary_large_image","twitter_misc":{"Written by":"studio121","Est. reading time":"4 minutes"},"schema":{"@context":"https:\/\/schema.org","@graph":[{"@type":"Article","@id":"https:\/\/www.medicareonline.it\/en\/studendi-e-disabilita\/#article","isPartOf":{"@id":"https:\/\/www.medicareonline.it\/en\/studendi-e-disabilita\/"},"author":{"name":"studio121","@id":"https:\/\/www.medicareonline.it\/en\/#\/schema\/person\/95f936c5983b9116bdd7e162f77d5b09"},"headline":"Studenti e disabilit\u00e0: da limite a valore aggiunto per l\u2019intero sistema scolastico.","datePublished":"2022-09-28T08:35:50+00:00","dateModified":"2022-09-28T08:37:29+00:00","mainEntityOfPage":{"@id":"https:\/\/www.medicareonline.it\/en\/studendi-e-disabilita\/"},"wordCount":819,"commentCount":0,"publisher":{"@id":"https:\/\/www.medicareonline.it\/en\/#organization"},"image":{"@id":"https:\/\/www.medicareonline.it\/en\/studendi-e-disabilita\/#primaryimage"},"thumbnailUrl":"https:\/\/www.medicareonline.it\/site\/wp-content\/uploads\/2022\/09\/studenti-e-disabilita.png","articleSection":["salute"],"inLanguage":"en-US","potentialAction":[{"@type":"CommentAction","name":"Comment","target":["https:\/\/www.medicareonline.it\/en\/studendi-e-disabilita\/#respond"]}]},{"@type":"WebPage","@id":"https:\/\/www.medicareonline.it\/en\/studendi-e-disabilita\/","url":"https:\/\/www.medicareonline.it\/en\/studendi-e-disabilita\/","name":"Studenti e disabilit\u00e0: da limite a valore aggiunto per l\u2019intero sistema scolastico. - Medi Care","isPartOf":{"@id":"https:\/\/www.medicareonline.it\/en\/#website"},"primaryImageOfPage":{"@id":"https:\/\/www.medicareonline.it\/en\/studendi-e-disabilita\/#primaryimage"},"image":{"@id":"https:\/\/www.medicareonline.it\/en\/studendi-e-disabilita\/#primaryimage"},"thumbnailUrl":"https:\/\/www.medicareonline.it\/site\/wp-content\/uploads\/2022\/09\/studenti-e-disabilita.png","datePublished":"2022-09-28T08:35:50+00:00","dateModified":"2022-09-28T08:37:29+00:00","breadcrumb":{"@id":"https:\/\/www.medicareonline.it\/en\/studendi-e-disabilita\/#breadcrumb"},"inLanguage":"en-US","potentialAction":[{"@type":"ReadAction","target":["https:\/\/www.medicareonline.it\/en\/studendi-e-disabilita\/"]}]},{"@type":"ImageObject","inLanguage":"en-US","@id":"https:\/\/www.medicareonline.it\/en\/studendi-e-disabilita\/#primaryimage","url":"https:\/\/www.medicareonline.it\/site\/wp-content\/uploads\/2022\/09\/studenti-e-disabilita.png","contentUrl":"https:\/\/www.medicareonline.it\/site\/wp-content\/uploads\/2022\/09\/studenti-e-disabilita.png","width":1980,"height":1250},{"@type":"BreadcrumbList","@id":"https:\/\/www.medicareonline.it\/en\/studendi-e-disabilita\/#breadcrumb","itemListElement":[{"@type":"ListItem","position":1,"name":"Home","item":"https:\/\/www.medicareonline.it\/en\/"},{"@type":"ListItem","position":2,"name":"Studenti e disabilit\u00e0: da limite a valore aggiunto per l\u2019intero sistema scolastico."}]},{"@type":"WebSite","@id":"https:\/\/www.medicareonline.it\/en\/#website","url":"https:\/\/www.medicareonline.it\/en\/","name":"Medi Care","description":"Servizi Socio Sanitari","publisher":{"@id":"https:\/\/www.medicareonline.it\/en\/#organization"},"potentialAction":[{"@type":"SearchAction","target":{"@type":"EntryPoint","urlTemplate":"https:\/\/www.medicareonline.it\/en\/?s={search_term_string}"},"query-input":{"@type":"PropertyValueSpecification","valueRequired":true,"valueName":"search_term_string"}}],"inLanguage":"en-US"},{"@type":"Organization","@id":"https:\/\/www.medicareonline.it\/en\/#organization","name":"Medi Care - Servizi Socio Sanitari","url":"https:\/\/www.medicareonline.it\/en\/","logo":{"@type":"ImageObject","inLanguage":"en-US","@id":"https:\/\/www.medicareonline.it\/en\/#\/schema\/logo\/image\/","url":"https:\/\/www.medicareonline.it\/site\/wp-content\/uploads\/2022\/01\/logo-medicare-colori.svg","contentUrl":"https:\/\/www.medicareonline.it\/site\/wp-content\/uploads\/2022\/01\/logo-medicare-colori.svg","width":847,"height":187,"caption":"Medi Care - Servizi Socio Sanitari"},"image":{"@id":"https:\/\/www.medicareonline.it\/en\/#\/schema\/logo\/image\/"},"sameAs":["https:\/\/www.facebook.com\/Medi-Care-378781446196214","https:\/\/www.linkedin.com\/company\/78351752\/admin\/","https:\/\/www.instagram.com\/medicare_ragusa\/"]},{"@type":"Person","@id":"https:\/\/www.medicareonline.it\/en\/#\/schema\/person\/95f936c5983b9116bdd7e162f77d5b09","name":"studio121","image":{"@type":"ImageObject","inLanguage":"en-US","@id":"https:\/\/secure.gravatar.com\/avatar\/c87eaecb717d80e8976f7238c4e9a504a6ac44beb55a13714aaa124b6a04da8b?s=96&d=mm&r=g","url":"https:\/\/secure.gravatar.com\/avatar\/c87eaecb717d80e8976f7238c4e9a504a6ac44beb55a13714aaa124b6a04da8b?s=96&d=mm&r=g","contentUrl":"https:\/\/secure.gravatar.com\/avatar\/c87eaecb717d80e8976f7238c4e9a504a6ac44beb55a13714aaa124b6a04da8b?s=96&d=mm&r=g","caption":"studio121"},"sameAs":["https:\/\/www.medicareonline.it\/site"]}]}},"_links":{"self":[{"href":"https:\/\/www.medicareonline.it\/en\/wp-json\/wp\/v2\/posts\/2044","targetHints":{"allow":["GET"]}}],"collection":[{"href":"https:\/\/www.medicareonline.it\/en\/wp-json\/wp\/v2\/posts"}],"about":[{"href":"https:\/\/www.medicareonline.it\/en\/wp-json\/wp\/v2\/types\/post"}],"author":[{"embeddable":true,"href":"https:\/\/www.medicareonline.it\/en\/wp-json\/wp\/v2\/users\/1"}],"replies":[{"embeddable":true,"href":"https:\/\/www.medicareonline.it\/en\/wp-json\/wp\/v2\/comments?post=2044"}],"version-history":[{"count":2,"href":"https:\/\/www.medicareonline.it\/en\/wp-json\/wp\/v2\/posts\/2044\/revisions"}],"predecessor-version":[{"id":2046,"href":"https:\/\/www.medicareonline.it\/en\/wp-json\/wp\/v2\/posts\/2044\/revisions\/2046"}],"wp:featuredmedia":[{"embeddable":true,"href":"https:\/\/www.medicareonline.it\/en\/wp-json\/wp\/v2\/media\/2040"}],"wp:attachment":[{"href":"https:\/\/www.medicareonline.it\/en\/wp-json\/wp\/v2\/media?parent=2044"}],"wp:term":[{"taxonomy":"category","embeddable":true,"href":"https:\/\/www.medicareonline.it\/en\/wp-json\/wp\/v2\/categories?post=2044"},{"taxonomy":"post_tag","embeddable":true,"href":"https:\/\/www.medicareonline.it\/en\/wp-json\/wp\/v2\/tags?post=2044"}],"curies":[{"name":"wp","href":"https:\/\/api.w.org\/{rel}","templated":true}]}}